{"id":543,"date":"2015-10-30T18:56:07","date_gmt":"2015-10-30T18:56:07","guid":{"rendered":"http:\/\/elblogdelapetita.com\/?p=543"},"modified":"2015-10-30T18:56:07","modified_gmt":"2015-10-30T18:56:07","slug":"actividades-de-noviembre-en-la-petita","status":"publish","type":"post","link":"https:\/\/www.lapetita.com\/blog\/actividades-de-noviembre-en-la-petita\/","title":{"rendered":"Actividades de noviembre en La Petita."},"content":{"rendered":"<div>Ya est\u00e1n aqu\u00ed nuestras actividades de este mes de noviembre. No podemos estar m\u00e1s contentos con las propuestas que os traemos al #poblenou.<\/div>\n<div><\/div>\n<div>Elisenda Roca nos presenta su \u00faltimo cuento, Tu i jo -y con un poco de suerte, tendremos tambi\u00e9n a su ilustrador, nuestro admirado Guridi, a ver si cuadran los astros y es posible-; la Editorial narval nos trae todas sus novedades y algunos de los tesoros de su fondo infantil, The Pinkertones nos contar\u00e1n y cantar\u00e1n el \u00faltimo \u00e1lbum y CD de la saga Rolf &amp; Flor (\u00a1\u00a1\u00a1aprovechad para que os lo firmen!!!) e iniciamos una serie de talleres sobre las emociones y la forma m\u00e1s adecuada de lidiar con ellas de la mano de la especialista Yolanda Salvatierra&#8230;<\/div>\n<div>\nAdem\u00e1s, claro, Mariona Trenchs y sus sesiones de cuentacuentos y algunas sorpresas m\u00e1s que os iremos desvelando a lo largo del mes.<\/div>\n<div><\/div>\n<div>Consultad <strong>Nuestra Agenda<\/strong> y apuntaos cuanto antes. Las plazas, como siempre, las tenemos bastante limitadas.<\/div>\n<div><\/div>\n<div>\u00a1Os esperamos!<\/div>\n<div><\/div>\n<div><\/div>\n<div><\/div>\n","protected":false},"excerpt":{"rendered":"<p>Ya est\u00e1n aqu\u00ed nuestras actividades de este mes de noviembre. No podemos estar m\u00e1s contentos con las propuestas que os traemos al #poblenou. Elisenda Roca nos presenta su \u00faltimo cuento, Tu i jo -y con un poco de suerte, tendremos tambi\u00e9n a su ilustrador, nuestro admirado Guridi, a ver si cuadran los astros y es [&hellip;]<\/p>\n","protected":false},"author":3,"featured_media":544,"comment_status":"open","ping_status":"open","sticky":false,"template":"","format":"standard","meta":{"footnotes":""},"categories":[17,40,54,70,111],"tags":[127,205,208,224,243,275,283,287,326,334,341],"_links":{"self":[{"href":"https:\/\/www.lapetita.com\/blog\/wp-json\/wp\/v2\/posts\/543"}],"collection":[{"href":"https:\/\/www.lapetita.com\/blog\/wp-json\/wp\/v2\/posts"}],"about":[{"href":"https:\/\/www.lapetita.com\/blog\/wp-json\/wp\/v2\/types\/post"}],"author":[{"embeddable":true,"href":"https:\/\/www.lapetita.com\/blog\/wp-json\/wp\/v2\/users\/3"}],"replies":[{"embeddable":true,"href":"https:\/\/www.lapetita.com\/blog\/wp-json\/wp\/v2\/comments?post=543"}],"version-history":[{"count":0,"href":"https:\/\/www.lapetita.com\/blog\/wp-json\/wp\/v2\/posts\/543\/revisions"}],"wp:featuredmedia":[{"embeddable":true,"href":"https:\/\/www.lapetita.com\/blog\/wp-json\/wp\/v2\/media\/544"}],"wp:attachment":[{"href":"https:\/\/www.lapetita.com\/blog\/wp-json\/wp\/v2\/media?parent=543"}],"wp:term":[{"taxonomy":"category","embeddable":true,"href":"https:\/\/www.lapetita.com\/blog\/wp-json\/wp\/v2\/categories?post=543"},{"taxonomy":"post_tag","embeddable":true,"href":"https:\/\/www.lapetita.com\/blog\/wp-json\/wp\/v2\/tags?post=543"}],"curies":[{"name":"wp","href":"https:\/\/api.w.org\/{rel}","templated":true}]}}