{"id":630,"date":"2016-02-03T09:33:32","date_gmt":"2016-02-03T09:33:32","guid":{"rendered":"http:\/\/elblogdelapetita.com\/?p=630"},"modified":"2016-02-03T09:33:32","modified_gmt":"2016-02-03T09:33:32","slug":"actividades-de-febrero-en-la-petita","status":"publish","type":"post","link":"https:\/\/www.lapetita.com\/blog\/actividades-de-febrero-en-la-petita\/","title":{"rendered":"Actividades de febrero en La Petita"},"content":{"rendered":"<div style=\"font-size:14px;font-family:Arial;text-align:justify;margin:15px;line-height:150%;background-color:#ffffff;padding:0;\"><span style=\"font-family:trebuchet ms, lucida grande, lucida sans unicode, lucida sans, tahoma, sans-serif;color:#505050;\"><span style=\"color:#339933;\"><strong><img loading=\"lazy\" decoding=\"async\" style=\"text-decoration:none;width:600px;outline-width:medium;outline-style:none;margin:0;min-height:298px;outline-color:invert;border:0;\" src=\"https:\/\/gallery.mailchimp.com\/91b695bd2cfd0b2378c5b6090\/images\/94289dd2-aa28-46e3-81da-a56242c664dc.jpg\" alt=\"\" width=\"600\" height=\"298\" \/><\/strong><\/span><\/span><\/p>\n<p><span style=\"font-family:trebuchet ms, lucida grande, lucida sans unicode, lucida sans, tahoma, sans-serif;line-height:150%;\"><span style=\"color:#339933;\"><strong>Divendres 5 de febrer. <\/strong><\/span><\/span><span style=\"font-family:trebuchet ms, lucida grande, lucida sans unicode, lucida sans, tahoma, sans-serif;\"><span style=\"color:#339933;\"><strong>Club de lectura Premi Atrapallibres<\/strong><\/span><\/span><span style=\"font-size:14px;font-family:trebuchet ms, lucida grande, lucida sans unicode, lucida sans, tahoma, sans-serif;text-align:justify;line-height:21px;\"><span style=\"color:#339933;\"><strong><span style=\"font-size:16px;\">\u00a0<\/span><\/strong><\/span><br \/>\n<span style=\"color:#cc0000;\">18 h. <\/span><\/span><span style=\"color:#505050;\"><a style=\"text-decoration:underline;font-weight:normal;color:#202020;\" title=\"http:\/\/lapetita.us7.list-manage.com\/track\/click?u=91b695bd2cfd0b2378c5b6090&amp;id=13af1a5344&amp;e=10d94e7db9\" href=\"http:\/\/lapetita.us7.list-manage.com\/track\/click?u=91b695bd2cfd0b2378c5b6090&amp;id=13af1a5344&amp;e=10d94e7db9\" target=\"_blank\" rel=\"noopener noreferrer\"><span style=\"color:#505050;\" title=\"http:\/\/lapetita.us7.list-manage.com\/track\/click?u=91b695bd2cfd0b2378c5b6090&amp;id=13af1a5344&amp;e=10d94e7db9\">Jo que vaig dormir amb lleons<\/span><\/a>, escrit per <strong>Laila Longan<\/strong>, llibre finalista en la categoria de lectures de <strong>10 anys.<\/strong> La trobada tindr\u00e0 lloc a la Biblioteca Manuel Arranz Poblenou. Aquesta activitat forma part de la iniciativa impulsada per La Petita i la biblioteca per tal d&#8217;apropar la lectura als joves del barri. Clicant <a style=\"text-decoration:underline;font-weight:normal;color:#202020;\" title=\"http:\/\/lapetita.us7.list-manage1.com\/track\/click?u=91b695bd2cfd0b2378c5b6090&amp;id=3bb161acd2&amp;e=10d94e7db9\" href=\"http:\/\/lapetita.us7.list-manage1.com\/track\/click?u=91b695bd2cfd0b2378c5b6090&amp;id=3bb161acd2&amp;e=10d94e7db9\" target=\"_blank\" rel=\"noopener noreferrer\">aqu\u00ed<\/a> podeu llegir un fragment.\u00a0M\u00e9s informaci\u00f3 del Premi Atrapallibres <a style=\"text-decoration:underline;font-weight:normal;color:#202020;\" title=\"http:\/\/lapetita.us7.list-manage1.com\/track\/click?u=91b695bd2cfd0b2378c5b6090&amp;id=65e9e077bb&amp;e=10d94e7db9\" href=\"http:\/\/lapetita.us7.list-manage1.com\/track\/click?u=91b695bd2cfd0b2378c5b6090&amp;id=65e9e077bb&amp;e=10d94e7db9\" target=\"_blank\" rel=\"noopener noreferrer\">aqu\u00ed.<\/a> <\/span><br \/>\n<span style=\"font-family:trebuchet ms, lucida grande, lucida sans unicode, lucida sans, tahoma, sans-serif;color:#505050;\">Es prega fer <a style=\"text-decoration:underline;font-weight:normal;color:#202020;\" title=\"mailto:info@lapetita.com?subject=Reserva.%20Divendres%205%20de%20febrer.%20Jo%20que%20vaig%20dormir%20amb%20lleons\" href=\"mailto:info@lapetita.com?subject=Reserva.%20Divendres%205%20de%20febrer.%20Jo%20que%20vaig%20dormir%20amb%20lleons\" target=\"_blank\" rel=\"noopener noreferrer\">reserva<\/a> anticipada.<\/span><\/p>\n<p><span style=\"font-family:trebuchet ms, lucida grande, lucida sans unicode, lucida sans, tahoma, sans-serif;color:#505050;\"><span style=\"color:#339933;\"><strong>Dimecres 10 de febrer. <span style=\"font-size:18px;\">Contacontes<\/span> per a nens fins a 3 anys<\/strong><\/span><\/span><br \/>\n<span style=\"font-family:trebuchet ms, lucida grande, lucida sans unicode, lucida sans, tahoma, sans-serif;color:#505050;\"><span style=\"color:#cc0000;\">17.30 h.<\/span> Sessi\u00f3 de contacontes per a nens de 12 a 36 mesos amb la <strong>Mariona Trenchs<\/strong>.<br \/>\nPlaces limitades, cal fer <a style=\"text-decoration:underline;font-weight:normal;color:#202020;\" title=\"mailto:info@lapetita.com?subject=Reserva.%20Dimecres%2010%20de%20febrer.%20Contecontes%20per%20a%20nens%20fins%20a%203%20anys\" href=\"mailto:info@lapetita.com?subject=Reserva.%20Dimecres%2010%20de%20febrer.%20Contecontes%20per%20a%20nens%20fins%20a%203%20anys\" target=\"_blank\" rel=\"noopener noreferrer\">reserva<\/a> anticipada. 4\u20ac per nen<\/span><\/p>\n<p><span style=\"font-family:trebuchet ms, lucida grande, lucida sans unicode, lucida sans, tahoma, sans-serif;\"><span style=\"color:#339933;\"><strong>Dimecres 17<\/strong><\/span><\/span><span style=\"font-family:trebuchet ms, lucida grande, lucida sans unicode, lucida sans, tahoma, sans-serif;color:#505050;\"><span style=\"color:#339933;\"><strong> de febrer. <span style=\"font-size:18px;\">Contacontes <\/span>per a nens de 3 a 6 anys<\/strong><\/span><\/span><br \/>\n<span style=\"font-family:trebuchet ms, lucida grande, lucida sans unicode, lucida sans, tahoma, sans-serif;color:#505050;\"><span style=\"color:#cc0000;\">17.30 h.<\/span> Continuem amb la nova sessi\u00f3 de contacontes amb la <strong>Mariona Trenchs<\/strong> per a nens de 3 a 6 anys.<br \/>\nPlaces limitades, cal fer <a style=\"text-decoration:underline;font-weight:normal;color:#202020;\" title=\"mailto:info@lapetita.com?subject=Reserva.%20Dimecres%2017%20de%20febrer.%20Contecontes%20per%20a%20nens%20de%203%20a%206%20anys\" href=\"mailto:info@lapetita.com?subject=Reserva.%20Dimecres%2017%20de%20febrer.%20Contecontes%20per%20a%20nens%20de%203%20a%206%20anys\" target=\"_blank\" rel=\"noopener noreferrer\">reserva<\/a> anticipada. 4\u20ac per nen<\/span><\/p>\n<p><span style=\"font-family:trebuchet ms, lucida grande, lucida sans unicode, lucida sans, tahoma, sans-serif;\"><span style=\"color:#339933;\"><strong>Divendres 19 de febrer. <span style=\"font-size:18px;\">Club de lectura Premi Atrapallibres<\/span> <\/strong><\/span><br \/>\n<span style=\"color:#cc0000;\">18 h. <\/span><\/span><span style=\"color:#505050;\"><a style=\"text-decoration:underline;font-weight:normal;color:#202020;\" title=\"http:\/\/lapetita.us7.list-manage.com\/track\/click?u=91b695bd2cfd0b2378c5b6090&amp;id=d0485999e5&amp;e=10d94e7db9\" href=\"http:\/\/lapetita.us7.list-manage.com\/track\/click?u=91b695bd2cfd0b2378c5b6090&amp;id=d0485999e5&amp;e=10d94e7db9\" target=\"_blank\" rel=\"noopener noreferrer\">Signe prohibit<\/a>, de <strong>Rodrigo Mu\u00f1oz Avia<\/strong>, llibre finalista en la categoria <strong>11-12 anys<\/strong>. La trobada tindr\u00e0 lloc a la Biblioteca Manuel Arranz Poblenou. Aquesta activitat forma part de la iniciativa impulsada per La Petita i la biblioteca per tal d&#8217;apropar la lectura als joves del barri. Clicant <a style=\"text-decoration:underline;font-weight:normal;color:#202020;\" title=\"http:\/\/lapetita.us7.list-manage1.com\/track\/click?u=91b695bd2cfd0b2378c5b6090&amp;id=6324f53f75&amp;e=10d94e7db9\" href=\"http:\/\/lapetita.us7.list-manage1.com\/track\/click?u=91b695bd2cfd0b2378c5b6090&amp;id=6324f53f75&amp;e=10d94e7db9\" target=\"_blank\" rel=\"noopener noreferrer\">aqu\u00ed<\/a> podeu llegir un fragment.\u00a0M\u00e9s informaci\u00f3 del Premi Atrapallibres <a style=\"text-decoration:underline;font-weight:normal;color:#202020;\" title=\"http:\/\/lapetita.us7.list-manage.com\/track\/click?u=91b695bd2cfd0b2378c5b6090&amp;id=057c4e5452&amp;e=10d94e7db9\" href=\"http:\/\/lapetita.us7.list-manage.com\/track\/click?u=91b695bd2cfd0b2378c5b6090&amp;id=057c4e5452&amp;e=10d94e7db9\" target=\"_blank\" rel=\"noopener noreferrer\">aqu\u00ed.<\/a><\/span><br \/>\n<span style=\"font-family:trebuchet ms, lucida grande, lucida sans unicode, lucida sans, tahoma, sans-serif;color:#505050;\">Es prega fer <a style=\"text-decoration:underline;font-weight:normal;color:#202020;\" title=\"mailto:info@lapetita.com?subject=Reserva.%20Divendres%2019%20de%20febrer.%20Signe%20prohibit\" href=\"mailto:info@lapetita.com?subject=Reserva.%20Divendres%2019%20de%20febrer.%20Signe%20prohibit\" target=\"_blank\" rel=\"noopener noreferrer\">reserva<\/a> anticipada.<\/span><\/p>\n<p><span style=\"font-size:14px;font-family:trebuchet ms, lucida grande, lucida sans unicode, lucida sans, tahoma, sans-serif;text-align:justify;line-height:21px;\"><span style=\"color:#339933;\"><strong>Divendres 26 de febrer. <\/strong><\/span><\/span><span style=\"font-family:trebuchet ms, lucida grande, lucida sans unicode, lucida sans, tahoma, sans-serif;\"><span style=\"color:#339933;\"><strong>Festa 10\u00e8 aniversari de l&#8217;editorial N\u00f3rdica Libros<\/strong><\/span><\/span><br \/>\n<span style=\"font-size:14px;font-family:trebuchet ms, lucida grande, lucida sans unicode, lucida sans, tahoma, sans-serif;text-align:justify;line-height:21px;\"><span style=\"color:#cc0000;\">10.30 h. <\/span><\/span>L&#8217;editorial <span style=\"font-size:14px;font-family:trebuchet ms, lucida grande, lucida sans unicode, lucida sans, tahoma, sans-serif;text-align:justify;line-height:21px;\"><span style=\"color:#cc0000;\"><span style=\"color:#505050;\"><a style=\"text-decoration:underline;font-weight:normal;color:#202020;\" title=\"http:\/\/lapetita.us7.list-manage.com\/track\/click?u=91b695bd2cfd0b2378c5b6090&amp;id=e788915b76&amp;e=10d94e7db9\" href=\"http:\/\/lapetita.us7.list-manage.com\/track\/click?u=91b695bd2cfd0b2378c5b6090&amp;id=e788915b76&amp;e=10d94e7db9\" target=\"_blank\" rel=\"noopener noreferrer\">N\u00f3rdica libros<\/a><\/span><\/span><\/span> compleix deu anys i ho celebra amb una presentaci\u00f3 del seu fons editorial a la qual assistiran autors, il\u00b7lustradors i l&#8217;equip editorial de N\u00f3rdica al complet a la Biblioteca Xavier Benguerel. La Petita tamb\u00e9 hi ser\u00e0, ocupant-se que ning\u00fa es quedi sense un exemplar del seu llibre predilecte. Us convidem a acompanyar-nos a la festa d&#8217;aniversari d&#8217;una de les editorials que m\u00e9s admirem.\n<\/div>\n<div style=\"font-size:14px;text-align:left;margin:15px;line-height:150%;background-color:#ffffff;padding:0;\"><span style=\"font-size:12px;\"><em><span style=\"font-family:trebuchet ms, lucida grande, lucida sans unicode, lucida sans, tahoma, sans-serif;\"><strong>Viernes 5 de febrero. Club de lectura Premio Atrapallibres<\/strong><\/span><br \/>\n<span style=\"font-family:trebuchet ms, lucida grande, lucida sans unicode, lucida sans, tahoma, sans-serif;\"><span style=\"color:#cc0000;\">18 h.<\/span> <\/span><\/em><\/span><em><span style=\"font-family:trebuchet ms, lucida grande, lucida sans unicode, lucida sans, tahoma, sans-serif;\"><span style=\"color:#505050;\"><a style=\"text-decoration:underline;font-weight:normal;color:#202020;\" title=\"http:\/\/lapetita.us7.list-manage.com\/track\/click?u=91b695bd2cfd0b2378c5b6090&amp;id=4fd5df5415&amp;e=10d94e7db9\" href=\"http:\/\/lapetita.us7.list-manage.com\/track\/click?u=91b695bd2cfd0b2378c5b6090&amp;id=4fd5df5415&amp;e=10d94e7db9\" target=\"_blank\" rel=\"noopener noreferrer\"><span style=\"color:#505050;\" title=\"http:\/\/lapetita.us7.list-manage.com\/track\/click?u=91b695bd2cfd0b2378c5b6090&amp;id=4fd5df5415&amp;e=10d94e7db9\">Jo que vaig dormir amb lleons<\/span><\/a>, escrito por <strong>Laila Longan<\/strong>, libro finalista en la categor\u00eda de lecturas de <strong>10 a\u00f1os<\/strong>. El encuentro ser\u00e1 en la biblioteca Manuel Arranz Poblenou. Esta actividad forma parte de la iniciativa impulsada por La Petita y la biblioteca para acercar la lectura a los j\u00f3venes del barrio. Clica <a style=\"text-decoration:underline;font-weight:normal;color:#202020;\" title=\"http:\/\/lapetita.us7.list-manage.com\/track\/click?u=91b695bd2cfd0b2378c5b6090&amp;id=4974f17d72&amp;e=10d94e7db9\" href=\"http:\/\/lapetita.us7.list-manage.com\/track\/click?u=91b695bd2cfd0b2378c5b6090&amp;id=4974f17d72&amp;e=10d94e7db9\" target=\"_blank\" rel=\"noopener noreferrer\">aqu\u00ed<\/a> para leer un fragmento (est\u00e1 en catal\u00e1n). M\u00e1s informaci\u00f3n acerca del Premi Atrapallibres <a style=\"text-decoration:underline;font-weight:normal;color:#202020;\" title=\"http:\/\/lapetita.us7.list-manage.com\/track\/click?u=91b695bd2cfd0b2378c5b6090&amp;id=3a35686624&amp;e=10d94e7db9\" href=\"http:\/\/lapetita.us7.list-manage.com\/track\/click?u=91b695bd2cfd0b2378c5b6090&amp;id=3a35686624&amp;e=10d94e7db9\" target=\"_blank\" rel=\"noopener noreferrer\">aqu\u00ed<\/a>.<\/span><\/span><\/em><br \/>\n<span style=\"font-size:12px;\"><em><span style=\"font-family:trebuchet ms, lucida grande, lucida sans unicode, lucida sans, tahoma, sans-serif;\"><span style=\"color:#505050;\">Se ruega hacer <a style=\"text-decoration:underline;font-weight:normal;color:#202020;\" title=\"mailto:info@lapetita.com?subject=Reserva.%20Viernes%205%20de%20febrero.%20Jo%20que%20vaig%20dormir%20amb%20lleons\" href=\"mailto:info@lapetita.com?subject=Reserva.%20Viernes%205%20de%20febrero.%20Jo%20que%20vaig%20dormir%20amb%20lleons\" target=\"_blank\" rel=\"noopener noreferrer\">reserva<\/a> anticipada.<\/span><\/span><\/em><\/span><\/p>\n<p><span style=\"font-size:12px;\"><em><span style=\"font-family:trebuchet ms, lucida grande, lucida sans unicode, lucida sans, tahoma, sans-serif;\"><strong>Mi\u00e9rcoles 10 de febrero. Cuentacuentos para ni\u00f1os hasta 3 a\u00f1os<\/strong><\/span><br \/>\n<span style=\"font-family:trebuchet ms, lucida grande, lucida sans unicode, lucida sans, tahoma, sans-serif;\"><span style=\"color:#cc0000;\">17.30 h.<\/span><span style=\"color:#505050;\">\u00a0Sesi\u00f3n de cuentacuentos para ni\u00f1os de\u00a012 a 36 meses con\u00a0<\/span><strong style=\"color:#505050;\">Mariona Trenchs<\/strong><span style=\"color:#505050;\">.<\/span><\/span><br \/>\n<span style=\"color:#505050;\">Plazas limitadas. Es necesario hacer <a style=\"text-decoration:underline;font-weight:normal;color:#202020;\" title=\"mailto:info@lapetita.com?subject=Reserva.%20Mi%C3%A9rcoles%2010%20de%20febrero.%20Cuentacuentos%20para%20ni%C3%B1os%20hasta%203%20a%C3%B1os\" href=\"mailto:info@lapetita.com?subject=Reserva.%20Mi%C3%A9rcoles%2010%20de%20febrero.%20Cuentacuentos%20para%20ni%C3%B1os%20hasta%203%20a%C3%B1os\" target=\"_blank\" rel=\"noopener noreferrer\">reserva<\/a> anticipada. <\/span><strong>4\u20ac por ni\u00f1o<\/strong><\/em><\/span><\/p>\n<p><em><span style=\"color:#cc66ff;\"><span style=\"font-family:trebuchet ms, lucida grande, lucida sans unicode, lucida sans, tahoma, sans-serif;\"><strong>Mi\u00e9rcoles 17 de febrero. Cuentacuentos<\/strong><\/span><\/span><\/em><em><span style=\"color:#cc66ff;\"><span style=\"font-family:trebuchet ms, lucida grande, lucida sans unicode, lucida sans, tahoma, sans-serif;\"><strong> para ni\u00f1os de 3 a 6 a\u00f1os<\/strong><\/span><\/span><\/em><br \/>\n<span style=\"font-size:12px;\"><em><span style=\"font-family:trebuchet ms, lucida grande, lucida sans unicode, lucida sans, tahoma, sans-serif;\"><span style=\"color:#cc0000;\">17.30 h.<\/span><span style=\"color:#505050;\"> Continuamos con la nueva sesi\u00f3n de cuentacuentos con <\/span><strong>Mariona Trenchs <\/strong><span style=\"color:#505050;\">para ni\u00f1os de 3 a 6 a\u00f1os.<\/span><\/span><br \/>\n<span style=\"color:#505050;\">Plazas limitadas. Es necesario hacer <a style=\"text-decoration:underline;font-weight:normal;color:#202020;\" title=\"mailto:info@lapetita.com?subject=Reserva.%20Mi%C3%A9rcoles17%20de%20febrero.%20Cuentacuentos%20para%20ni%C3%B1os%20de%203%20a%206%20a%C3%B1os\" href=\"mailto:info@lapetita.com?subject=Reserva.%20Mi%C3%A9rcoles17%20de%20febrero.%20Cuentacuentos%20para%20ni%C3%B1os%20de%203%20a%206%20a%C3%B1os\" target=\"_blank\" rel=\"noopener noreferrer\">reserva<\/a> anticipada. <\/span><strong>4\u20ac por ni\u00f1o<\/strong><\/em><\/span><\/p>\n<p><em><span style=\"color:#cc66ff;\"><span style=\"font-family:trebuchet ms, lucida grande, lucida sans unicode, lucida sans, tahoma, sans-serif;\"><strong>Viernes 19 de febrero. Club de lectura Premio Atrapallibres<\/strong><\/span><\/span><br \/>\n<span style=\"font-family:trebuchet ms, lucida grande, lucida sans unicode, lucida sans, tahoma, sans-serif;\"><span style=\"color:#cc0000;\">18 h.<\/span> <\/span><\/em><em><span style=\"font-family:trebuchet ms, lucida grande, lucida sans unicode, lucida sans, tahoma, sans-serif;\"><span style=\"color:#505050;\"><a style=\"text-decoration:underline;font-weight:normal;color:#202020;\" title=\"http:\/\/lapetita.us7.list-manage2.com\/track\/click?u=91b695bd2cfd0b2378c5b6090&amp;id=1e6e7b4685&amp;e=10d94e7db9\" href=\"http:\/\/lapetita.us7.list-manage2.com\/track\/click?u=91b695bd2cfd0b2378c5b6090&amp;id=1e6e7b4685&amp;e=10d94e7db9\" target=\"_blank\" rel=\"noopener noreferrer\"><span style=\"color:#505050;\" title=\"http:\/\/lapetita.us7.list-manage2.com\/track\/click?u=91b695bd2cfd0b2378c5b6090&amp;id=1e6e7b4685&amp;e=10d94e7db9\">Signe prohibit<\/span><\/a>, de <strong>Rodrigo Mu\u00f1oz Avia<\/strong>, libro finalista en la categor\u00eda de lecturas de <strong>11 a 12 a\u00f1os<\/strong>. El encuentro ser\u00e1 en la biblioteca Manuel Arranz Poblenou. Esta actividad forma parte de la iniciativa impulsada por La Petita y la biblioteca para acercar la lectura a los j\u00f3venes del barrio. Clica <a style=\"text-decoration:underline;font-weight:normal;color:#202020;\" title=\"http:\/\/lapetita.us7.list-manage.com\/track\/click?u=91b695bd2cfd0b2378c5b6090&amp;id=6e012f5e40&amp;e=10d94e7db9\" href=\"http:\/\/lapetita.us7.list-manage.com\/track\/click?u=91b695bd2cfd0b2378c5b6090&amp;id=6e012f5e40&amp;e=10d94e7db9\" target=\"_blank\" rel=\"noopener noreferrer\">aqu\u00ed<\/a> para leer un fragmento (est\u00e1 en catal\u00e1n). M\u00e1s informaci\u00f3n acerca del Premi Atrapallibres <a style=\"text-decoration:underline;font-weight:normal;color:#202020;\" title=\"http:\/\/lapetita.us7.list-manage1.com\/track\/click?u=91b695bd2cfd0b2378c5b6090&amp;id=7d1c0c1fd5&amp;e=10d94e7db9\" href=\"http:\/\/lapetita.us7.list-manage1.com\/track\/click?u=91b695bd2cfd0b2378c5b6090&amp;id=7d1c0c1fd5&amp;e=10d94e7db9\" target=\"_blank\" rel=\"noopener noreferrer\">aqu\u00ed<\/a>.<\/span><\/span><\/em><br \/>\n<span style=\"font-size:12px;\"><em><span style=\"font-family:trebuchet ms, lucida grande, lucida sans unicode, lucida sans, tahoma, sans-serif;\"><span style=\"color:#505050;\">Se ruega hacer <a style=\"text-decoration:underline;font-weight:normal;color:#202020;\" title=\"mailto:info@lapetita.com?subject=Reserva.%20Viernes%2019%20de%20febrero.%20Signe%20prohibit\" href=\"mailto:info@lapetita.com?subject=Reserva.%20Viernes%2019%20de%20febrero.%20Signe%20prohibit\" target=\"_blank\" rel=\"noopener noreferrer\">reserva<\/a> anticipada.<\/span><\/span><\/em><\/span><\/p>\n<p><span style=\"font-size:12px;\"><em><span style=\"font-family:trebuchet ms, lucida grande, lucida sans unicode, lucida sans, tahoma, sans-serif;\"><strong>Viernes 26 de febrero. Fiesta 10 aniversario de la editorial N\u00f3rdica Libros<\/strong><\/span><\/em><\/span><br \/>\n<span style=\"font-size:12px;\"><em><span style=\"font-family:trebuchet ms, lucida grande, lucida sans unicode, lucida sans, tahoma, sans-serif;\"><span style=\"color:#cc0000;\">10.30 h.<\/span><span style=\"color:#505050;\"> La editorial <a style=\"text-decoration:underline;font-weight:normal;color:#202020;\" title=\"http:\/\/lapetita.us7.list-manage.com\/track\/click?u=91b695bd2cfd0b2378c5b6090&amp;id=50217b31f5&amp;e=10d94e7db9\" href=\"http:\/\/lapetita.us7.list-manage.com\/track\/click?u=91b695bd2cfd0b2378c5b6090&amp;id=50217b31f5&amp;e=10d94e7db9\" target=\"_blank\" rel=\"noopener noreferrer\">N\u00f3rdica Libros<\/a> cumple diez a\u00f1os y lo celebra con una presentaci\u00f3n de su fondo editorial a la que asistir\u00e1n autores, ilustradores y el equipo editorial de N\u00f3rdica al completo en la Biblioteca Xavier Benguerel. La Petita estar\u00e1 all\u00ed ocup\u00e1ndose de que nadie se quede sin un ejemplar de su libro predilecto. Os invitamos a acompa\u00f1arnos en la fiesta de aniversario de una de las editoriales que m\u00e1s admiramos. <\/span><\/span><\/em><\/span><\/div>\n","protected":false},"excerpt":{"rendered":"<p>Divendres 5 de febrer. Club de lectura Premi Atrapallibres\u00a0 18 h. Jo que vaig dormir amb lleons, escrit per Laila Longan, llibre finalista en la categoria de lectures de 10 anys. La trobada tindr\u00e0 lloc a la Biblioteca Manuel Arranz Poblenou. Aquesta activitat forma part de la iniciativa impulsada per La Petita i la biblioteca [&hellip;]<\/p>\n","protected":false},"author":3,"featured_media":0,"comment_status":"open","ping_status":"open","sticky":false,"template":"","format":"standard","meta":{"footnotes":""},"categories":[12,14,31,45,54,1],"tags":[129,131,204,241],"_links":{"self":[{"href":"https:\/\/www.lapetita.com\/blog\/wp-json\/wp\/v2\/posts\/630"}],"collection":[{"href":"https:\/\/www.lapetita.com\/blog\/wp-json\/wp\/v2\/posts"}],"about":[{"href":"https:\/\/www.lapetita.com\/blog\/wp-json\/wp\/v2\/types\/post"}],"author":[{"embeddable":true,"href":"https:\/\/www.lapetita.com\/blog\/wp-json\/wp\/v2\/users\/3"}],"replies":[{"embeddable":true,"href":"https:\/\/www.lapetita.com\/blog\/wp-json\/wp\/v2\/comments?post=630"}],"version-history":[{"count":0,"href":"https:\/\/www.lapetita.com\/blog\/wp-json\/wp\/v2\/posts\/630\/revisions"}],"wp:attachment":[{"href":"https:\/\/www.lapetita.com\/blog\/wp-json\/wp\/v2\/media?parent=630"}],"wp:term":[{"taxonomy":"category","embeddable":true,"href":"https:\/\/www.lapetita.com\/blog\/wp-json\/wp\/v2\/categories?post=630"},{"taxonomy":"post_tag","embeddable":true,"href":"https:\/\/www.lapetita.com\/blog\/wp-json\/wp\/v2\/tags?post=630"}],"curies":[{"name":"wp","href":"https:\/\/api.w.org\/{rel}","templated":true}]}}