{"id":667,"date":"2016-02-19T09:48:45","date_gmt":"2016-02-19T09:48:45","guid":{"rendered":"http:\/\/elblogdelapetita.com\/?p=667"},"modified":"2016-02-19T09:48:45","modified_gmt":"2016-02-19T09:48:45","slug":"667-2","status":"publish","type":"post","link":"https:\/\/www.lapetita.com\/blog\/667-2\/","title":{"rendered":""},"content":{"rendered":"<p>Esta tarde, tenemos a Rodrigo Mu\u00f1oz Avia, autor de El signe prohibit, a las 18:00 en la Biblioteca Manuel Arranz-Poblenou. \u00a1No os lo perd\u00e1is, lectores de Atrapallibres!<\/p>\n<p><img loading=\"lazy\" decoding=\"async\" class=\"alignnone size-full wp-image-625 aligncenter\" src=\"https:\/\/elblogdelapetita.files.wordpress.com\/2016\/01\/atrapallibres-gener-febrer-2016.jpg\" alt=\"atrapallibres gener febrer  2016\" width=\"305\" height=\"280\" srcset=\"https:\/\/www.lapetita.com\/blog\/wp-content\/uploads\/2016\/01\/atrapallibres-gener-febrer-2016.jpg 305w, https:\/\/www.lapetita.com\/blog\/wp-content\/uploads\/2016\/01\/atrapallibres-gener-febrer-2016-300x275.jpg 300w\" sizes=\"(max-width: 305px) 100vw, 305px\" \/><\/p>\n<p>Y seguimos cerrando cosas para llenar La Petita de actividades en las pr\u00f3ximas semanas.<\/p>\n<p>Id cogiendo papel y l\u00e1piz, porque hay mucho que apuntar: el 26 de febrero, en la Biblioteca Xavier Benguerel, encuentro con la editorial N\u00f3rdica, que celebra su <a href=\"http:\/\/xurl.es\/3fovs\">X Aniversario<\/a>, con la presencia de los autores Noem\u00ed Villamuza, Comotto, Ignasi Blanch.<\/p>\n<p>El s\u00e1bado 5 de marzo, la editorial Birabiro nos visita para presentar en una tarde de s\u00e1bado de cuento su nuevo \u00c1lbum <a href=\"http:\/\/birabiroeditorial.com\/project\/qui-que-on\/\">Que Qui On<\/a>, de Olivier Tallec.<\/p>\n<p><img loading=\"lazy\" decoding=\"async\" class=\"alignnone size-full wp-image-704 aligncenter\" src=\"https:\/\/elblogdelapetita.files.wordpress.com\/2016\/02\/que-qui-on.jpg\" alt=\"que qui on\" width=\"400\" height=\"199\" srcset=\"https:\/\/www.lapetita.com\/blog\/wp-content\/uploads\/2016\/02\/que-qui-on.jpg 400w, https:\/\/www.lapetita.com\/blog\/wp-content\/uploads\/2016\/02\/que-qui-on-300x149.jpg 300w\" sizes=\"(max-width: 400px) 100vw, 400px\" \/><\/p>\n<p>Y el s\u00e1bado siguiente, tambi\u00e9n por la tarde, las autoras de la colecci\u00f3n Petita &amp; Gran, (ya sab\u00e9is, Coco Chanel, Frida Kahlo, Audrey Hepburn, Amelia Earhart&#8230;) de Alba Editorial, nos traen un taller fant\u00e1stico inspirado en una de nuestras colecciones favoritas de los \u00faltimos tiempos&#8230;<\/p>\n<p>Tambi\u00e9n tendremos los cuentos de Mariona, claro, m\u00e1s sesiones del Club de Lectura Atrapallibres y seguro que surgen m\u00e1s cosas. Esto es solo un avance que se nos ha ocurrido hacer en una fr\u00eda y tranquila ma\u00f1ana soleada en Poblenou.<\/p>\n<p>\u00a1Qu\u00e9 cielo tan bonito hay hoy!<\/p>\n<p>&nbsp;<\/p>\n<p>&nbsp;<\/p>\n","protected":false},"excerpt":{"rendered":"<p>Esta tarde, tenemos a Rodrigo Mu\u00f1oz Avia, autor de El signe prohibit, a las 18:00 en la Biblioteca Manuel Arranz-Poblenou. \u00a1No os lo perd\u00e1is, lectores de Atrapallibres! Y seguimos cerrando cosas para llenar La Petita de actividades en las pr\u00f3ximas semanas. Id cogiendo papel y l\u00e1piz, porque hay mucho que apuntar: el 26 de febrero, [&hellip;]<\/p>\n","protected":false},"author":3,"featured_media":699,"comment_status":"open","ping_status":"open","sticky":false,"template":"","format":"standard","meta":{"footnotes":""},"categories":[12,40,54,70,84,110],"tags":[121,133,148,160,161],"_links":{"self":[{"href":"https:\/\/www.lapetita.com\/blog\/wp-json\/wp\/v2\/posts\/667"}],"collection":[{"href":"https:\/\/www.lapetita.com\/blog\/wp-json\/wp\/v2\/posts"}],"about":[{"href":"https:\/\/www.lapetita.com\/blog\/wp-json\/wp\/v2\/types\/post"}],"author":[{"embeddable":true,"href":"https:\/\/www.lapetita.com\/blog\/wp-json\/wp\/v2\/users\/3"}],"replies":[{"embeddable":true,"href":"https:\/\/www.lapetita.com\/blog\/wp-json\/wp\/v2\/comments?post=667"}],"version-history":[{"count":0,"href":"https:\/\/www.lapetita.com\/blog\/wp-json\/wp\/v2\/posts\/667\/revisions"}],"wp:featuredmedia":[{"embeddable":true,"href":"https:\/\/www.lapetita.com\/blog\/wp-json\/wp\/v2\/media\/699"}],"wp:attachment":[{"href":"https:\/\/www.lapetita.com\/blog\/wp-json\/wp\/v2\/media?parent=667"}],"wp:term":[{"taxonomy":"category","embeddable":true,"href":"https:\/\/www.lapetita.com\/blog\/wp-json\/wp\/v2\/categories?post=667"},{"taxonomy":"post_tag","embeddable":true,"href":"https:\/\/www.lapetita.com\/blog\/wp-json\/wp\/v2\/tags?post=667"}],"curies":[{"name":"wp","href":"https:\/\/api.w.org\/{rel}","templated":true}]}}