{"id":714,"date":"2016-02-29T12:32:00","date_gmt":"2016-02-29T12:32:00","guid":{"rendered":"http:\/\/elblogdelapetita.com\/?p=714"},"modified":"2016-02-29T12:32:00","modified_gmt":"2016-02-29T12:32:00","slug":"actividades-de-marzo-en-la-petita-2","status":"publish","type":"post","link":"https:\/\/www.lapetita.com\/blog\/actividades-de-marzo-en-la-petita-2\/","title":{"rendered":"Actividades de marzo en La Petita"},"content":{"rendered":"<div><strong><img loading=\"lazy\" decoding=\"async\" class=\"CToWUd a6T\" src=\"https:\/\/ci3.googleusercontent.com\/proxy\/SoQ5VzOVu3MSPnwN_QqCfNgPJ6JUumcirubYWj49AA_Tn5bE4ef94UoKk-N5IONw481ekhIUZ_0Idno0eIvAZ6Q9rU2CH70IjId7ZiL9mNvjNs3zT3_5XhgFkJk2js4WmndYzrZGREjPCmsW0iw28yDtSaIAaFbv81pTxZU=s0-d-e1-ft#https:\/\/gallery.mailchimp.com\/91b695bd2cfd0b2378c5b6090\/images\/921a16b6-515c-4d57-9cdb-668205b6b8f3.jpg\" alt=\"\" width=\"520\" height=\"175\" align=\"none\" \/><\/strong><\/p>\n<p><strong>Divendres 4 de mar\u00e7. <\/strong><strong>Club de lectura Premi Atrapallibres<\/strong><br \/>\n18.00 h. <span style=\"color:#505050;\">Trobada amb l&#8217;escriptor\u00a0<strong>Pol Cunyat<\/strong>, autor del llibre <a href=\"https:\/\/www.youtube.com\/watch?v=xxbAAKcpiEc\" target=\"_blank\" rel=\"noopener noreferrer\"><strong>Bernat el pirata<\/strong><\/a>, finalista en la categoria de lectures de <strong>9 anys.<\/strong> La trobada tindr\u00e0 lloc a la Biblioteca Manuel Arranz Poblenou. Aquesta activitat forma part de la iniciativa impulsada per La Petita i la biblioteca per tal d&#8217;apropar la lectura als joves del barri. M\u00e9s informaci\u00f3 del Premi Atrapallibres <a href=\"http:\/\/www.clijcat.cat\/Atrapallibres-Inscripcio-i-Bases\" target=\"_blank\" rel=\"noopener noreferrer\">aqu\u00ed<\/a>.<\/span><br \/>\nEs prega fer <a href=\"mailto:info@lapetita.com?subject=Reserva.%20Divendres%204%20de%20mar%C3%A7.%20Bernat%20el%20pirata\" target=\"_blank\" rel=\"noopener noreferrer\">reserva<\/a> anticipada.<\/p>\n<p><strong>Dissabte 5 de mar\u00e7. Contacontes Qui, Qu\u00e8, On de la Editorial Birabiro<\/strong><br \/>\n18.00 h. L&#8217;editorial <a href=\"http:\/\/birabiroeditorial.com\/\" target=\"_blank\" rel=\"noopener noreferrer\">Birabiro<\/a>\u00a0ve\u00a0a la Petita a presentar el nou conte <a href=\"http:\/\/birabiroeditorial.com\/wp-content\/uploads\/2016\/02\/Fitxa_QUIQUEON.pdf\" target=\"_blank\" rel=\"noopener noreferrer\">Qui, Qu\u00e8, On<\/a>, segona part del divertit Qui, Qu\u00e8, Qui de l&#8217;autor <strong>Olivier Tallec<\/strong>.<br \/>\nA partir de 3 anys. <span style=\"color:#505050;\">Gratu\u00eft. <\/span>Es prega fer <a href=\"mailto:info@lapetita.com?subject=Reserva.%20Dissabte%205%20de%20mar%C3%A7.%20Qui%2C%20Qu%C3%A8%2C%20On\" target=\"_blank\" rel=\"noopener noreferrer\">reserva<\/a> anticipada.<\/p>\n<p><strong>Dijous<\/strong><strong> 10 de mar\u00e7. Contacontes per a nens de 1 a 3 anys<\/strong><br \/>\n17.30 h. Sessi\u00f3 de contacontes per a nens de 12 a 36 mesos amb la <strong>Mariona Trenchs<\/strong>.<br \/>\nPlaces limitades, cal fer <a href=\"mailto:info@lapetita.com?subject=Reserva.%20Dijous%2010%20de%20mar%C3%A7.%20Contecontes%20per%20a%20nens%20fins%201-3%20anys\" target=\"_blank\" rel=\"noopener noreferrer\">reserva<\/a> anticipada. 4\u20ac per nen<\/p>\n<p><strong>Divendres 11 de mar\u00e7. Club de lectura Premi Atrapallibres <\/strong><br \/>\n18.00 h. <span style=\"color:#505050;\"><strong><a href=\"http:\/\/www.llegircruilla.cat\/2014\/11\/50-oficis-esbojarrats\/\" target=\"_blank\" rel=\"noopener noreferrer\">50 oficis esbojarrats<\/a><\/strong>, escrit per <strong>Carles Sala i Vila<\/strong>, llibre finalista en la categoria de lectures de <strong>10 anys.<\/strong> La trobada tindr\u00e0 lloc a la Biblioteca Manuel Arranz Poblenou. Aquesta activitat forma part de la iniciativa impulsada per La Petita i la biblioteca per tal d&#8217;apropar la lectura als joves del barri. M\u00e9s informaci\u00f3 del Premi Atrapallibres <a href=\"http:\/\/www.clijcat.cat\/Atrapallibres-Inscripcio-i-Bases\" target=\"_blank\" rel=\"noopener noreferrer\">aqu\u00ed.<\/a> <\/span><br \/>\nEs prega fer <a href=\"mailto:info@lapetita.com?subject=Reserva.%20Divendres%2011%20de%20mar%C3%A7.%2050%20oficis%20esbojarrats\" target=\"_blank\" rel=\"noopener noreferrer\">reserva<\/a> anticipada.<\/p>\n<p><strong>Dissabte 12 de mar\u00e7. Contacontes col\u00b7lecci\u00f3 Petita &amp; Gran de l&#8217;editorial Alba<\/strong><br \/>\n18.00 h. La hist\u00f2ria de l&#8217;<a href=\"http:\/\/www.albaeditorial.es\/php\/sl.php?shop.showprod&amp;nt=7455&amp;ref=97884-90651735&amp;fldr=0#.VtNC8im7-t9\" target=\"_blank\" rel=\"noopener noreferrer\"><strong>Amelia Earhart<\/strong><\/a>,\u00a0la primera dona a creuar l\u2019oce\u00e0 Atl\u00e0ntic en avioneta, \u00e9s la novetat d&#8217;aquesta entranyable col\u00b7lecci\u00f3 de contes que apropa als m\u00e9s petits la biografia de dones excepcionals.<br \/>\nA partir de 3 anys. <span style=\"color:#505050;\">Gratu\u00eft. <\/span>Es prega fer <a href=\"mailto:info@lapetita.com?subject=Reserva.%20Dissabte%2012%20de%20mar%C3%A7.%20Petit%20%26%20Gran\" target=\"_blank\" rel=\"noopener noreferrer\">reserva<\/a> anticipada.<\/p>\n<p><strong>Dijous<\/strong><strong> 17 de mar\u00e7. Contacontes per a nens de 3 a 6 anys<\/strong><br \/>\n17.30 h. Continuem amb la nova sessi\u00f3 de contacontes amb la <strong>Mariona Trenchs<\/strong> per a nens de 3 a 6 anys.<br \/>\nPlaces limitades, cal fer <a href=\"mailto:info@lapetita.com?subject=Reserva.%20Dijous%2017%20de%20mar%C3%A7.%20Contecontes%20per%20a%20nens%20fins%20a%206%20anys\" target=\"_blank\" rel=\"noopener noreferrer\">reserva<\/a> anticipada. 4\u20ac per nen<\/p>\n<p><strong>Divendres 18 de mar\u00e7.\u00a0<\/strong><strong>Club de lectura Premi Atrapallibres<\/strong><strong>\u00a0<\/strong><br \/>\n18.00\u00a0h. <a href=\"http:\/\/www.pageseditors.cat\/cat\/llibre_milenio2.asp?idf=11&amp;id=103&amp;id_llibre=2026\" target=\"_blank\" rel=\"noopener noreferrer\"><strong>Cartes d&#8217;amor de 0 a 10<\/strong><\/a><span style=\"color:#505050;\">, de <\/span><strong>Susie Morgenstern<\/strong><span style=\"color:#505050;\">, llibre finalista en la categoria <strong>11-12 anys<\/strong>. La trobada tindr\u00e0 lloc a la Biblioteca Manuel Arranz Poblenou. Aquesta activitat forma part de la iniciativa impulsada per La Petita i la biblioteca per tal d&#8217;apropar la lectura als joves del barri. Clicant <a href=\"http:\/\/www.pageseditors.cat\/ftp\/pdf\/3632_9788499755236_L33_23.pdf\" target=\"_blank\" rel=\"noopener noreferrer\">aqu\u00ed<\/a> podeu llegir un fragment.\u00a0M\u00e9s informaci\u00f3 del Premi Atrapallibres <a href=\"http:\/\/www.clijcat.cat\/Atrapallibres-Inscripcio-i-Bases\" target=\"_blank\" rel=\"noopener noreferrer\">aqu\u00ed.<\/a><\/span><br \/>\nEs prega fer <a href=\"mailto:info@lapetita.com?subject=Reserva.%20Divendres%2018%20de%20mar%C3%A7.%20Cartes%20d%27amor%20de%200%20a%2010\" target=\"_blank\" rel=\"noopener noreferrer\">reserva<\/a> anticipada.\n<\/div>\n<div><em><strong>Viernes\u00a04\u00a0de marzo.\u00a0Club de lectura Premio Atrapallibres\u00a0<\/strong><br \/>\n18.00 h.<\/em><em><span style=\"color:#505050;\"> Encuentro con el\u00a0escritor\u00a0<strong>Pol Cunyat<\/strong>, autor\u00a0del libro <a href=\"https:\/\/www.youtube.com\/watch?v=xxbAAKcpiEc\" target=\"_blank\" rel=\"noopener noreferrer\">Bernat el pirata<\/a>, finalista en la categor\u00eda de lecturas para <strong>9 a\u00f1os<\/strong>. El encuentro ser\u00e1 en la biblioteca Manuel Arranz Poblenou. Esta actividad forma parte de la iniciativa impulsada por La Petita y la biblioteca para acercar la lectura a los j\u00f3venes del barrio. M\u00e1s informaci\u00f3n acerca del Premi Atrapallibres <a href=\"http:\/\/www.clijcat.cat\/Atrapallibres-Inscripcio-i-Bases\" target=\"_blank\" rel=\"noopener noreferrer\">aqu\u00ed<\/a>.<\/span><\/em><br \/>\n<em><span style=\"color:#505050;\">Se ruega hacer <a href=\"mailto:info@lapetita.com?subject=Reserva.%20Viernes%204%20de%20marzo.%20Bernat%20el%20pirata\" target=\"_blank\" rel=\"noopener noreferrer\">reserva<\/a> anticipada.<\/span><\/em><\/p>\n<p><em><strong>S\u00e1bado 5\u00a0de marzo. Cuentacuentos Qui\u00e9n, Qu\u00e9, D\u00f3nde de la editorial Birabiro<\/strong><br \/>\n18.00 h.<span style=\"color:#505050;\">\u00a0La editorial <a href=\"http:\/\/birabiroeditorial.com\/publicaciones\/\" target=\"_blank\" rel=\"noopener noreferrer\">Birabiro<\/a> viene a la Petita a presentar el nuevo cuento <a href=\"http:\/\/birabiroeditorial.com\/project\/quien-que-donde\/\" target=\"_blank\" rel=\"noopener noreferrer\"><strong>Qui\u00e9n, Qu\u00e9, D\u00f3nde<\/strong><\/a>, segunda parte del divertido Qui\u00e9n, Qu\u00e9, Qui\u00e9n, de <strong>Olivier Tallet<\/strong>.<\/span><br \/>\n<span style=\"color:#505050;\">A partir de 3 a\u00f1os. Gratuito. Se ruega hacer <a href=\"mailto:info@lapetita.com?subject=Reserva.%20S%C3%A1bado%205%20de%20marzo.%20Cuentacuentos%20Qu%C3%ADen%2C%20Qu%C3%A9%2C%20D%C3%B3nde\" target=\"_blank\" rel=\"noopener noreferrer\">reserva<\/a> anticipada.<\/span><\/em><\/p>\n<p><em><strong>Jueves 10 de marzo. Cuentacuentos<\/strong><\/em><em><strong> para ni\u00f1os de 1\u00a0a 3\u00a0a\u00f1os<\/strong><\/em><br \/>\n<em>17.30 h.<span style=\"color:#505050;\"> Sesi\u00f3n de cuentacuentos para ni\u00f1os de 12 a 36 meses con <\/span><strong>Mariona Trenchs.<\/strong><br \/>\n<span style=\"color:#505050;\">Plazas limitadas. Es necesario hacer <a href=\"mailto:info@lapetita.com?subject=Reserva.%20Jueves%2010%20de%20marzo.%20Cuentacuentos%20para%20ni%C3%B1os%20de%201%20a%203%20a%C3%B1os\" target=\"_blank\" rel=\"noopener noreferrer\">reserva<\/a> anticipada. <\/span><strong>4\u20ac por ni\u00f1o<\/strong><\/em><\/p>\n<p><em><strong>Viernes 11 de marzo. Club de lectura Premio Atrapallibres<\/strong><br \/>\n18.00 h.<\/em><em><span style=\"color:#505050;\"> <strong><a href=\"http:\/\/www.llegircruilla.cat\/2014\/11\/50-oficis-esbojarrats\/\" target=\"_blank\" rel=\"noopener noreferrer\">50 oficis esbojarrats<\/a><\/strong>, escrito por <strong>Carles Sala i Vila<\/strong>, libro finalista en la categor\u00eda de lecturas de <strong>10 a\u00f1os<\/strong>. El encuentro ser\u00e1 en la biblioteca Manuel Arranz Poblenou. Esta actividad forma parte de la iniciativa impulsada por La Petita y la biblioteca para acercar la lectura a los j\u00f3venes del barrio. M\u00e1s informaci\u00f3n acerca del Premi Atrapallibres <a href=\"http:\/\/www.clijcat.cat\/Atrapallibres-Inscripcio-i-Bases\" target=\"_blank\" rel=\"noopener noreferrer\">aqu\u00ed<\/a>.<\/span><\/em><br \/>\n<em><span style=\"color:#505050;\">Se ruega hacer <a href=\"mailto:info@lapetita.com?subject=Reserva.%20Viernes%2011%20de%20marzo.%2050%20oficis%20esbojarrats\" target=\"_blank\" rel=\"noopener noreferrer\">reserva<\/a> anticipada.<\/span><\/p>\n<p><strong>S\u00e1bado 12 de marzo. Cuentacuentos colecci\u00f3n Peque\u00f1a &amp; Grande de la editorial Alba<\/strong><br \/>\n18.00 h.<span style=\"color:#505050;\">\u00a0La historia de <a href=\"http:\/\/www.albaeditorial.es\/php\/sl.php?shop.showprod&amp;nt=7455&amp;ref=97884-90651728&amp;fldr=0#.VtQlOZzNy00\" target=\"_blank\" rel=\"noopener noreferrer\">Amelia Earhart<\/a>, la primera mujer que cruz\u00f3 el oc\u00e9ano Atl\u00e1ntico en avioneta, es la novedad de esta entra\u00f1able colecci\u00f3n de cuentos que acerca a los m\u00e1s peque\u00f1os la biograf\u00eda de mujeres\u00a0excepcionales.<\/span><br \/>\n<span style=\"color:#505050;\"><span style=\"font-family:'trebuchet ms', 'lucida grande', 'lucida sans unicode', 'lucida sans', tahoma, sans-serif;\">A partir de 3 a\u00f1os. Gratuito. Se ruega hacer <a href=\"mailto:info@lapetita.com?subject=Reserva.%20S%C3%A1bado%2012%20de%20marzo.%20Cuentacuentos%20Peque%C3%B1as%20%26%20Grandes\" target=\"_blank\" rel=\"noopener noreferrer\">reserva<\/a> anticipada.<\/span><\/span><\/p>\n<p><strong>Jueves 17 de marzo. Cuentacuentos<\/strong><\/em><em><strong> para ni\u00f1os de 3 a 6 a\u00f1os<\/strong><\/em><br \/>\n<em>17.30 h.<span style=\"color:#505050;\"> Continuamos con la nueva sesi\u00f3n de cuentacuentos con <\/span><strong>Mariona Trenchs <\/strong><span style=\"color:#505050;\">para ni\u00f1os de 3 a 6 a\u00f1os.<\/span><br \/>\n<span style=\"color:#505050;\">Plazas limitadas. Es necesario hacer <a href=\"mailto:info@lapetita.com?subject=Reserva.%20Jueves%2017%20de%20marzo.%20Cuentacuentos%20para%20ni%C3%B1os%20de%203%20a%206%20a%C3%B1os\" target=\"_blank\" rel=\"noopener noreferrer\">reserva<\/a> anticipada. <\/span><strong>4\u20ac por ni\u00f1o<\/strong><\/em><\/p>\n<p><em><strong>Viernes 18 de marzo. Club de lectura Premio Atrapallibres<\/strong><br \/>\n18.00 h.<span style=\"color:#505050;\">\u00a0<a href=\"http:\/\/www.pageseditors.cat\/cat\/llibre_milenio2.asp?idf=11&amp;id=103&amp;id_llibre=2026\" target=\"_blank\" rel=\"noopener noreferrer\"><strong>Cartes d&#8217;amor de 0 a 10<\/strong><\/a>, de <strong>Susie Morgenstern<\/strong>, libro finalista\u00a0<\/span><\/em><em><span style=\"color:#505050;\">en la categor\u00eda de lecturas de <strong>11 <\/strong>a <strong>12 a\u00f1os<\/strong>. El encuentro ser\u00e1 en la biblioteca Manuel Arranz Poblenou. Esta actividad forma parte de la iniciativa impulsada por La Petita y la biblioteca para acercar la lectura a los j\u00f3venes del barrio.\u00a0M\u00e1s informaci\u00f3n acerca del Premi Atrapallibres <a href=\"http:\/\/www.clijcat.cat\/Atrapallibres-Inscripcio-i-Bases\" target=\"_blank\" rel=\"noopener noreferrer\">aqu\u00ed<\/a>.<\/span><\/em><br \/>\n<em><span style=\"color:#505050;\">Se ruega hacer <a href=\"mailto:info@lapetita.com?subject=Reserva.%20Viernes%2018%20de%20marzo.%20Cartes%20d%27amor%20de%200%20a%2010\" target=\"_blank\" rel=\"noopener noreferrer\">reserva<\/a> anticipada.<\/span><\/em><\/div>\n","protected":false},"excerpt":{"rendered":"<p>Divendres 4 de mar\u00e7. Club de lectura Premi Atrapallibres 18.00 h. Trobada amb l&#8217;escriptor\u00a0Pol Cunyat, autor del llibre Bernat el pirata, finalista en la categoria de lectures de 9 anys. La trobada tindr\u00e0 lloc a la Biblioteca Manuel Arranz Poblenou. Aquesta activitat forma part de la iniciativa impulsada per La Petita i la biblioteca per [&hellip;]<\/p>\n","protected":false},"author":3,"featured_media":0,"comment_status":"open","ping_status":"open","sticky":false,"template":"","format":"standard","meta":{"footnotes":""},"categories":[12,14,18,19,31,39,44,45,54,70,84,94],"tags":[126,131,204],"_links":{"self":[{"href":"https:\/\/www.lapetita.com\/blog\/wp-json\/wp\/v2\/posts\/714"}],"collection":[{"href":"https:\/\/www.lapetita.com\/blog\/wp-json\/wp\/v2\/posts"}],"about":[{"href":"https:\/\/www.lapetita.com\/blog\/wp-json\/wp\/v2\/types\/post"}],"author":[{"embeddable":true,"href":"https:\/\/www.lapetita.com\/blog\/wp-json\/wp\/v2\/users\/3"}],"replies":[{"embeddable":true,"href":"https:\/\/www.lapetita.com\/blog\/wp-json\/wp\/v2\/comments?post=714"}],"version-history":[{"count":0,"href":"https:\/\/www.lapetita.com\/blog\/wp-json\/wp\/v2\/posts\/714\/revisions"}],"wp:attachment":[{"href":"https:\/\/www.lapetita.com\/blog\/wp-json\/wp\/v2\/media?parent=714"}],"wp:term":[{"taxonomy":"category","embeddable":true,"href":"https:\/\/www.lapetita.com\/blog\/wp-json\/wp\/v2\/categories?post=714"},{"taxonomy":"post_tag","embeddable":true,"href":"https:\/\/www.lapetita.com\/blog\/wp-json\/wp\/v2\/tags?post=714"}],"curies":[{"name":"wp","href":"https:\/\/api.w.org\/{rel}","templated":true}]}}