{"id":716,"date":"2016-03-02T12:39:42","date_gmt":"2016-03-02T12:39:42","guid":{"rendered":"http:\/\/elblogdelapetita.com\/?p=716"},"modified":"2016-03-02T12:39:42","modified_gmt":"2016-03-02T12:39:42","slug":"cambio-en-el-horario-de-las-sesiones-de-atrapallibres","status":"publish","type":"post","link":"https:\/\/www.lapetita.com\/blog\/cambio-en-el-horario-de-las-sesiones-de-atrapallibres\/","title":{"rendered":"Cambio en el horario de las sesiones de Atrapallibres"},"content":{"rendered":"<p>El otro d\u00eda, con las prisas de colgar la programaci\u00f3n mensual a tiempo, cometimos alg\u00fan que otro errorcillo. Cosas que pasan, cuando al peque de la casa se le pone en plan salvaje la varicela y no est\u00e1s en lo que est\u00e1s.<\/p>\n<p>De los fallos que hemos comprobado en el mailing, hay uno muy gordo: El horario del <strong>Club de Lectura Atrapallibres<\/strong> en la <strong>Biblioteca Manuel Arranz-Poblenou<\/strong> es, en estas terceras y \u00faltimas sesiones, que incluyen votaci\u00f3n y fiestuki, las 18:30, tal como se ve en la imagen.<\/p>\n<p>Y quien vendr\u00e1 este viernes a acompa\u00f1arnos, ser\u00e1 el autor de \u00a0<strong>En Bernat i el Pirata Barba-Rossa<\/strong>, <strong>Xavier Castanyer i Angelet<\/strong>, no <strong>Pol Cunyat<\/strong>, el ilustrador del libro.<\/p>\n<p>Tambi\u00e9n cometimos un peque\u00f1o error con el nombre del autor de <strong>Qui Qu\u00e8 On<\/strong>, el libro de <strong>Birabiro editorial<\/strong> protagonista de nuestra sesi\u00f3n de contacontes gratuita de este s\u00e1bado a las 18:00 (\u00bfa\u00fan no os hab\u00e9is apuntado?)<\/p>\n<p>Es <strong>Olivier Tallec<\/strong>.<\/p>\n<p>Os pedimos disculpas y os esperamos en cada una de las actividades programadas para este mes de marzo en La Petita.<\/p>\n<p>Como siempre<\/p>\n<p>&nbsp;<\/p>\n<p>&nbsp;<\/p>\n<p>&nbsp;<\/p>\n<p>&nbsp;<\/p>\n<p>&nbsp;<\/p>\n<p>&nbsp;<\/p>\n<p>&nbsp;<\/p>\n<p>&nbsp;<\/p>\n<p>&nbsp;<\/p>\n<p>&nbsp;<\/p>\n<p>&nbsp;<\/p>\n<p>&nbsp;<\/p>\n<p>&nbsp;<\/p>\n<p>&nbsp;<\/p>\n<p>&nbsp;<\/p>\n<p>&nbsp;<\/p>\n<p>&nbsp;<\/p>\n<p>&nbsp;<\/p>\n<p>&nbsp;<\/p>\n<p>&nbsp;<\/p>\n<p>&nbsp;<\/p>\n<p>&nbsp;<\/p>\n","protected":false},"excerpt":{"rendered":"<p>El otro d\u00eda, con las prisas de colgar la programaci\u00f3n mensual a tiempo, cometimos alg\u00fan que otro errorcillo. Cosas que pasan, cuando al peque de la casa se le pone en plan salvaje la varicela y no est\u00e1s en lo que est\u00e1s. De los fallos que hemos comprobado en el mailing, hay uno muy gordo: [&hellip;]<\/p>\n","protected":false},"author":3,"featured_media":719,"comment_status":"open","ping_status":"open","sticky":false,"template":"","format":"standard","meta":{"footnotes":""},"categories":[1],"tags":[],"_links":{"self":[{"href":"https:\/\/www.lapetita.com\/blog\/wp-json\/wp\/v2\/posts\/716"}],"collection":[{"href":"https:\/\/www.lapetita.com\/blog\/wp-json\/wp\/v2\/posts"}],"about":[{"href":"https:\/\/www.lapetita.com\/blog\/wp-json\/wp\/v2\/types\/post"}],"author":[{"embeddable":true,"href":"https:\/\/www.lapetita.com\/blog\/wp-json\/wp\/v2\/users\/3"}],"replies":[{"embeddable":true,"href":"https:\/\/www.lapetita.com\/blog\/wp-json\/wp\/v2\/comments?post=716"}],"version-history":[{"count":0,"href":"https:\/\/www.lapetita.com\/blog\/wp-json\/wp\/v2\/posts\/716\/revisions"}],"wp:featuredmedia":[{"embeddable":true,"href":"https:\/\/www.lapetita.com\/blog\/wp-json\/wp\/v2\/media\/719"}],"wp:attachment":[{"href":"https:\/\/www.lapetita.com\/blog\/wp-json\/wp\/v2\/media?parent=716"}],"wp:term":[{"taxonomy":"category","embeddable":true,"href":"https:\/\/www.lapetita.com\/blog\/wp-json\/wp\/v2\/categories?post=716"},{"taxonomy":"post_tag","embeddable":true,"href":"https:\/\/www.lapetita.com\/blog\/wp-json\/wp\/v2\/tags?post=716"}],"curies":[{"name":"wp","href":"https:\/\/api.w.org\/{rel}","templated":true}]}}