{"id":867,"date":"2016-04-14T20:39:24","date_gmt":"2016-04-14T20:39:24","guid":{"rendered":"http:\/\/elblogdelapetita.com\/?p=867"},"modified":"2016-04-14T20:39:24","modified_gmt":"2016-04-14T20:39:24","slug":"recomendaciones-de-la-petita-para-sant-jordi-2016","status":"publish","type":"post","link":"https:\/\/www.lapetita.com\/blog\/recomendaciones-de-la-petita-para-sant-jordi-2016\/","title":{"rendered":"Recomendaciones de La Petita para Sant Jordi 2016"},"content":{"rendered":"<p>Hace tiempo que muchos de quienes ven\u00eds a vernos a la librer\u00eda nos reclam\u00e1is una lista de libros recomendados para momentos especiales del a\u00f1o. Pues bien, no hay momento m\u00e1s especial que Sant Jordi, y aqu\u00ed os dejamos una listado de libros que este a\u00f1o nos han gustado especialmente, para que los teng\u00e1is en cuenta en la pr\u00f3xima Diada del llibre i la rosa.<\/p>\n<p>Os pod\u00e9is descargar el archivo completo pinchando aqu\u00ed:\u00a0<a title=\"Recomanacions SANT JORDI 2016\" href=\"https:\/\/elblogdelapetita.files.wordpress.com\/2016\/04\/recomanacions-sant-jordi-2016.pdf\">Recomanacions SANT JORDI 2016<\/a><\/p>\n<p>\u00a1Feli\u00e7 Sant Jordi, dracs i princeses!<\/p>\n<p><img loading=\"lazy\" decoding=\"async\" class=\"alignnone size-full wp-image-870\" src=\"https:\/\/elblogdelapetita.files.wordpress.com\/2016\/04\/recomanacions.jpg\" alt=\"Recomanacions\" width=\"1241\" height=\"1755\" srcset=\"https:\/\/www.lapetita.com\/blog\/wp-content\/uploads\/2016\/04\/recomanacions.jpg 1241w, https:\/\/www.lapetita.com\/blog\/wp-content\/uploads\/2016\/04\/recomanacions-212x300.jpg 212w, https:\/\/www.lapetita.com\/blog\/wp-content\/uploads\/2016\/04\/recomanacions-724x1024.jpg 724w, https:\/\/www.lapetita.com\/blog\/wp-content\/uploads\/2016\/04\/recomanacions-768x1086.jpg 768w, https:\/\/www.lapetita.com\/blog\/wp-content\/uploads\/2016\/04\/recomanacions-1086x1536.jpg 1086w\" sizes=\"(max-width: 1241px) 100vw, 1241px\" \/><\/p>\n<p><img loading=\"lazy\" decoding=\"async\" class=\"alignnone size-full wp-image-871\" src=\"https:\/\/elblogdelapetita.files.wordpress.com\/2016\/04\/recomanacions2.jpg\" alt=\"Recomanacions2\" width=\"1241\" height=\"1755\" srcset=\"https:\/\/www.lapetita.com\/blog\/wp-content\/uploads\/2016\/04\/recomanacions2.jpg 1241w, https:\/\/www.lapetita.com\/blog\/wp-content\/uploads\/2016\/04\/recomanacions2-212x300.jpg 212w, https:\/\/www.lapetita.com\/blog\/wp-content\/uploads\/2016\/04\/recomanacions2-724x1024.jpg 724w, https:\/\/www.lapetita.com\/blog\/wp-content\/uploads\/2016\/04\/recomanacions2-768x1086.jpg 768w, https:\/\/www.lapetita.com\/blog\/wp-content\/uploads\/2016\/04\/recomanacions2-1086x1536.jpg 1086w\" sizes=\"(max-width: 1241px) 100vw, 1241px\" \/><\/p>\n<p><img loading=\"lazy\" decoding=\"async\" class=\"alignnone size-full wp-image-872\" src=\"https:\/\/elblogdelapetita.files.wordpress.com\/2016\/04\/recomanacions3.jpg\" alt=\"Recomanacions3\" width=\"1241\" height=\"1755\" srcset=\"https:\/\/www.lapetita.com\/blog\/wp-content\/uploads\/2016\/04\/recomanacions3.jpg 1241w, https:\/\/www.lapetita.com\/blog\/wp-content\/uploads\/2016\/04\/recomanacions3-212x300.jpg 212w, https:\/\/www.lapetita.com\/blog\/wp-content\/uploads\/2016\/04\/recomanacions3-724x1024.jpg 724w, https:\/\/www.lapetita.com\/blog\/wp-content\/uploads\/2016\/04\/recomanacions3-768x1086.jpg 768w, https:\/\/www.lapetita.com\/blog\/wp-content\/uploads\/2016\/04\/recomanacions3-1086x1536.jpg 1086w\" sizes=\"(max-width: 1241px) 100vw, 1241px\" \/><\/p>\n<p><img loading=\"lazy\" decoding=\"async\" class=\"alignnone size-full wp-image-873\" src=\"https:\/\/elblogdelapetita.files.wordpress.com\/2016\/04\/recomanacions4.jpg\" alt=\"Recomanacions4\" width=\"1241\" height=\"1755\" srcset=\"https:\/\/www.lapetita.com\/blog\/wp-content\/uploads\/2016\/04\/recomanacions4.jpg 1241w, https:\/\/www.lapetita.com\/blog\/wp-content\/uploads\/2016\/04\/recomanacions4-212x300.jpg 212w, https:\/\/www.lapetita.com\/blog\/wp-content\/uploads\/2016\/04\/recomanacions4-724x1024.jpg 724w, https:\/\/www.lapetita.com\/blog\/wp-content\/uploads\/2016\/04\/recomanacions4-768x1086.jpg 768w, https:\/\/www.lapetita.com\/blog\/wp-content\/uploads\/2016\/04\/recomanacions4-1086x1536.jpg 1086w\" sizes=\"(max-width: 1241px) 100vw, 1241px\" \/><\/p>\n<p><img loading=\"lazy\" decoding=\"async\" class=\"alignnone size-full wp-image-874\" src=\"https:\/\/elblogdelapetita.files.wordpress.com\/2016\/04\/recomanacions5.jpg\" alt=\"Recomanacions5\" width=\"1241\" height=\"1755\" srcset=\"https:\/\/www.lapetita.com\/blog\/wp-content\/uploads\/2016\/04\/recomanacions5.jpg 1241w, https:\/\/www.lapetita.com\/blog\/wp-content\/uploads\/2016\/04\/recomanacions5-212x300.jpg 212w, https:\/\/www.lapetita.com\/blog\/wp-content\/uploads\/2016\/04\/recomanacions5-724x1024.jpg 724w, https:\/\/www.lapetita.com\/blog\/wp-content\/uploads\/2016\/04\/recomanacions5-768x1086.jpg 768w, https:\/\/www.lapetita.com\/blog\/wp-content\/uploads\/2016\/04\/recomanacions5-1086x1536.jpg 1086w\" sizes=\"(max-width: 1241px) 100vw, 1241px\" \/><\/p>\n","protected":false},"excerpt":{"rendered":"<p>Hace tiempo que muchos de quienes ven\u00eds a vernos a la librer\u00eda nos reclam\u00e1is una lista de libros recomendados para momentos especiales del a\u00f1o. Pues bien, no hay momento m\u00e1s especial que Sant Jordi, y aqu\u00ed os dejamos una listado de libros que este a\u00f1o nos han gustado especialmente, para que los teng\u00e1is en cuenta [&hellip;]<\/p>\n","protected":false},"author":3,"featured_media":0,"comment_status":"open","ping_status":"open","sticky":false,"template":"","format":"standard","meta":{"footnotes":""},"categories":[8,80,81,102,103,1],"tags":[152,250,286,305,306,316],"_links":{"self":[{"href":"https:\/\/www.lapetita.com\/blog\/wp-json\/wp\/v2\/posts\/867"}],"collection":[{"href":"https:\/\/www.lapetita.com\/blog\/wp-json\/wp\/v2\/posts"}],"about":[{"href":"https:\/\/www.lapetita.com\/blog\/wp-json\/wp\/v2\/types\/post"}],"author":[{"embeddable":true,"href":"https:\/\/www.lapetita.com\/blog\/wp-json\/wp\/v2\/users\/3"}],"replies":[{"embeddable":true,"href":"https:\/\/www.lapetita.com\/blog\/wp-json\/wp\/v2\/comments?post=867"}],"version-history":[{"count":0,"href":"https:\/\/www.lapetita.com\/blog\/wp-json\/wp\/v2\/posts\/867\/revisions"}],"wp:attachment":[{"href":"https:\/\/www.lapetita.com\/blog\/wp-json\/wp\/v2\/media?parent=867"}],"wp:term":[{"taxonomy":"category","embeddable":true,"href":"https:\/\/www.lapetita.com\/blog\/wp-json\/wp\/v2\/categories?post=867"},{"taxonomy":"post_tag","embeddable":true,"href":"https:\/\/www.lapetita.com\/blog\/wp-json\/wp\/v2\/tags?post=867"}],"curies":[{"name":"wp","href":"https:\/\/api.w.org\/{rel}","templated":true}]}}