{"id":898,"date":"2016-04-18T15:13:38","date_gmt":"2016-04-18T15:13:38","guid":{"rendered":"http:\/\/elblogdelapetita.com\/?p=898"},"modified":"2016-04-18T15:13:38","modified_gmt":"2016-04-18T15:13:38","slug":"vuelve-sant-jordi-a-la-rambla-del-drac-en-poblenou","status":"publish","type":"post","link":"https:\/\/www.lapetita.com\/blog\/vuelve-sant-jordi-a-la-rambla-del-drac-en-poblenou\/","title":{"rendered":"Vuelve Sant Jordi a La Rambla del Drac, en Poblenou"},"content":{"rendered":"<p>Este s\u00e1bado, Sant Jordi. Y un a\u00f1o m\u00e1s, en Poblenou se pone en marcha la Rambla del Drac. Todo un d\u00eda de paradas libreras en la Rambla y actividades en el escenario ubicado en la rotonda de Rambla y Ram\u00f3n Turr\u00f3.<\/p>\n<p>En el cartel pod\u00e9is ver las propuestas que os hemos preparado y que estar\u00e1n en marcha durante todo el d\u00eda: Cuentacuentos, m\u00fasica y actuaciones de todo tipo para transformar la Diada en una aut\u00e9ntica fiesta en las calles del barrio.<\/p>\n<p>A nosotros, este a\u00f1o, nos encontrar\u00e9is en nuestra ubicaci\u00f3n habitual, en la parada junto al escenario, en la Rambla, pero tambi\u00e9n compartiendo espacio con nuestros amigos de Nollegiu en la rotonda de Rambla con Pujades.<\/p>\n<p>Adem\u00e1s, este en esta ocasi\u00f3n hemos decidido aprovechar que es d\u00eda de \u00abComer\u00e7 al carrer\u00bb para sacar unas mesas frente a La Petita (Mari\u00e0 Aguil\u00f3, 115) que desocongestionen un poco la librer\u00eda y permitan\u00a0a los lectores de juvenil acceder a sus libros sin tener que esperar colas en la caja.<\/p>\n<p>Y por si todo esto fuera poco, dice el hombre del tiempo que har\u00e1 sol. Qu\u00e9 mejor d\u00eda para venir a Poblenou a comprar alg\u00fan libro y dar un paseo por la playa.<\/p>\n<p>Todo est\u00e1 preparado. Os esperamos en Sant Jordi.<\/p>\n<p>&nbsp;<\/p>\n<p>&nbsp;<\/p>\n","protected":false},"excerpt":{"rendered":"<p>Este s\u00e1bado, Sant Jordi. Y un a\u00f1o m\u00e1s, en Poblenou se pone en marcha la Rambla del Drac. Todo un d\u00eda de paradas libreras en la Rambla y actividades en el escenario ubicado en la rotonda de Rambla y Ram\u00f3n Turr\u00f3. En el cartel pod\u00e9is ver las propuestas que os hemos preparado y que estar\u00e1n [&hellip;]<\/p>\n","protected":false},"author":3,"featured_media":928,"comment_status":"open","ping_status":"open","sticky":false,"template":"","format":"standard","meta":{"footnotes":""},"categories":[12,14,80,81,101,102,103,1],"tags":[126,204,316],"_links":{"self":[{"href":"https:\/\/www.lapetita.com\/blog\/wp-json\/wp\/v2\/posts\/898"}],"collection":[{"href":"https:\/\/www.lapetita.com\/blog\/wp-json\/wp\/v2\/posts"}],"about":[{"href":"https:\/\/www.lapetita.com\/blog\/wp-json\/wp\/v2\/types\/post"}],"author":[{"embeddable":true,"href":"https:\/\/www.lapetita.com\/blog\/wp-json\/wp\/v2\/users\/3"}],"replies":[{"embeddable":true,"href":"https:\/\/www.lapetita.com\/blog\/wp-json\/wp\/v2\/comments?post=898"}],"version-history":[{"count":0,"href":"https:\/\/www.lapetita.com\/blog\/wp-json\/wp\/v2\/posts\/898\/revisions"}],"wp:featuredmedia":[{"embeddable":true,"href":"https:\/\/www.lapetita.com\/blog\/wp-json\/wp\/v2\/media\/928"}],"wp:attachment":[{"href":"https:\/\/www.lapetita.com\/blog\/wp-json\/wp\/v2\/media?parent=898"}],"wp:term":[{"taxonomy":"category","embeddable":true,"href":"https:\/\/www.lapetita.com\/blog\/wp-json\/wp\/v2\/categories?post=898"},{"taxonomy":"post_tag","embeddable":true,"href":"https:\/\/www.lapetita.com\/blog\/wp-json\/wp\/v2\/tags?post=898"}],"curies":[{"name":"wp","href":"https:\/\/api.w.org\/{rel}","templated":true}]}}