{"id":954,"date":"2016-06-01T18:12:36","date_gmt":"2016-06-01T18:12:36","guid":{"rendered":"http:\/\/elblogdelapetita.com\/?p=954"},"modified":"2016-06-01T18:12:36","modified_gmt":"2016-06-01T18:12:36","slug":"una-idea-como-un-garabato-la-petita-cumple-4-anos","status":"publish","type":"post","link":"https:\/\/www.lapetita.com\/blog\/una-idea-como-un-garabato-la-petita-cumple-4-anos\/","title":{"rendered":"Una idea como un garabato. La Petita cumple 4 a\u00f1os."},"content":{"rendered":"<p>A veces paseas por un parque y mientras buscas en el bolsillo la bolsa para recoger la \u00a0caca de tu perro se te ocurre una idea. Puede no parecer un buen augurio que la cosa empiece as\u00ed, pero se han dado casos.<\/p>\n<p>Otras veces, la cosa sucede a la hora de la sobremesa. Todav\u00eda queda algo de vino en las copas y algo que flota en el aire de la habitaci\u00f3n cobra consistencia de pronto, cae sobre la superficie brillante de ese albari\u00f1o tan delicado que est\u00e1s a punto de acabarte y cuando das el \u00faltimo sorbo se te mete en la boca.<\/p>\n<p>Enseguida sale de all\u00ed, acompa\u00f1ado de una sonrisa beat\u00edfica que acompa\u00f1a a tu voz: \u00bfTe imaginas si&#8230;?<\/p>\n<p>Pero no tiene forma todav\u00eda. Es un garabato mental m\u00e1s que una idea, que no encuentra nada s\u00f3lido en lo que aferrarse y cae.<\/p>\n<p>\u00a1Plaf!<\/p>\n<p>Al suelo.<\/p>\n<p>Lo que lo cambia todo es que al d\u00eda siguiente, de nuevo en el parque, vuelvas a pensar en ello, esta vez mientras le tiras un palo muy lejos al chucho para que te deje divagar a gusto. O que al barrer el comedor a la ma\u00f1ana siguiente la escoba se te enganche en algo informe y un poco viscoso que cay\u00f3 al suelo tras la cena, que te agaches a recogerlo y al flexionar las rodillas te encuentres de nuevo pensando en aquello de lo que hablabais la noche anterior:<\/p>\n<p>\u00bfY si no fuera imposible?<\/p>\n<p>Los expertos todav\u00eda estudian cu\u00e1l de estas dos opciones fue la que nos llev\u00f3 un d\u00eda a imaginar por primera vez que, en medio de la tormenta de la crisis, con un beb\u00e9 de d\u00edas durmiendo en el mois\u00e9s y sin m\u00e1s bagaje librero que nuestra pasi\u00f3n por la lectura pod\u00edamos poner en marcha una librer\u00eda infantil en nuestro barrio, Poblenou, y transformarla en la puerta de acceso a la literatura infantil y juvenil para tantos de nuestros vecinos.<\/p>\n<p>Hoy hace cuatro a\u00f1os que abrimos <strong>La Petita<\/strong>. Enhorabuena por la parte que os toca y gracias a todos los que hab\u00e9is hecho posible que aquella idea contin\u00fae hoy tan viva, ilusionante y repleta de futuro como el primer d\u00eda.<\/p>\n<p>Para celebrarlo, este s\u00e1bado montamos una fiesta.<\/p>\n<p style=\"text-align:center;\"><strong>\u00a1LA GRAN FIESTA DEL CUATRO!<\/strong><\/p>\n<p style=\"text-align:center;\"><img loading=\"lazy\" decoding=\"async\" class=\"alignnone  wp-image-1065\" src=\"https:\/\/elblogdelapetita.files.wordpress.com\/2016\/06\/numero4.jpg\" alt=\"numero4\" width=\"129\" height=\"149\" srcset=\"https:\/\/www.lapetita.com\/blog\/wp-content\/uploads\/2016\/06\/numero4.jpg 429w, https:\/\/www.lapetita.com\/blog\/wp-content\/uploads\/2016\/06\/numero4-261x300.jpg 261w\" sizes=\"(max-width: 129px) 100vw, 129px\" \/><\/p>\n<p>Os esperamos a cualquier hora del d\u00eda, con un mont\u00f3n de cuatros por pintar y colgar, actividades, cuentos, descuentos del 4% en las compras y todo lo que se nos vaya ocurriendo por el camino.<\/p>\n<p><strong>PS:<\/strong> Entre el mont\u00f3n de cosas que hemos aprendido en estos a\u00f1os hay una que nos ha ayudado a entender mejor nuestro trabajo. Un garabato puede tener tanto sentido como el m\u00e1s refinado de los dibujos. La idea nunca ha cambiado mucho desde aquel primer d\u00eda. Y nosotros tampoco.<\/p>\n","protected":false},"excerpt":{"rendered":"<p>A veces paseas por un parque y mientras buscas en el bolsillo la bolsa para recoger la \u00a0caca de tu perro se te ocurre una idea. Puede no parecer un buen augurio que la cosa empiece as\u00ed, pero se han dado casos. Otras veces, la cosa sucede a la hora de la sobremesa. Todav\u00eda queda [&hellip;]<\/p>\n","protected":false},"author":3,"featured_media":0,"comment_status":"open","ping_status":"open","sticky":false,"template":"","format":"standard","meta":{"footnotes":""},"categories":[11,22,70,94,1],"tags":[],"_links":{"self":[{"href":"https:\/\/www.lapetita.com\/blog\/wp-json\/wp\/v2\/posts\/954"}],"collection":[{"href":"https:\/\/www.lapetita.com\/blog\/wp-json\/wp\/v2\/posts"}],"about":[{"href":"https:\/\/www.lapetita.com\/blog\/wp-json\/wp\/v2\/types\/post"}],"author":[{"embeddable":true,"href":"https:\/\/www.lapetita.com\/blog\/wp-json\/wp\/v2\/users\/3"}],"replies":[{"embeddable":true,"href":"https:\/\/www.lapetita.com\/blog\/wp-json\/wp\/v2\/comments?post=954"}],"version-history":[{"count":0,"href":"https:\/\/www.lapetita.com\/blog\/wp-json\/wp\/v2\/posts\/954\/revisions"}],"wp:attachment":[{"href":"https:\/\/www.lapetita.com\/blog\/wp-json\/wp\/v2\/media?parent=954"}],"wp:term":[{"taxonomy":"category","embeddable":true,"href":"https:\/\/www.lapetita.com\/blog\/wp-json\/wp\/v2\/categories?post=954"},{"taxonomy":"post_tag","embeddable":true,"href":"https:\/\/www.lapetita.com\/blog\/wp-json\/wp\/v2\/tags?post=954"}],"curies":[{"name":"wp","href":"https:\/\/api.w.org\/{rel}","templated":true}]}}